[{"@context":"https:\/\/schema.org\/","@type":"Blog","@id":"https:\/\/www.zeleneslevy.cz#Blog","headline":"Zelen\u00e9 slevy","description":"\nA\u0165 u\u017e se chcete n\u011bco dozv\u011bd\u011bt o tom, \u010di onom, vyplat\u00ed se vyu\u017e\u00edt internet. I proto\u017ee nen\u00ed v\u0161echno zlato, co se t\u0159pyt\u00ed, vyplat\u00ed se tam naj\u00edt v\u00fdhradn\u011b n\u00e1\u0161 web.","url":"https:\/\/www.zeleneslevy.cz","hasPart":[{"@type":"Article","@id":"https:\/\/www.zeleneslevy.cz\/nikdy-neni-pozde\/","headline":"Nikdy nen\u00ed pozd\u011b","url":"https:\/\/www.zeleneslevy.cz\/nikdy-neni-pozde\/","datePublished":"2025-02-26","dateModified":"2023-05-02","mainEntityOfPage":"https:\/\/www.zeleneslevy.cz\/nikdy-neni-pozde\/","author":{"@type":"Person","@id":"https:\/\/www.zeleneslevy.cz\/author\/devene\/#Person","name":"devene","url":"https:\/\/www.zeleneslevy.cz\/author\/devene\/","identifier":1,"image":{"@type":"ImageObject","@id":"https:\/\/secure.gravatar.com\/avatar\/212a6ea425a80cff3df937dbbc230f07127cee4fead311d1e3d946308365d666?s=96&d=mm&r=g","url":"https:\/\/secure.gravatar.com\/avatar\/212a6ea425a80cff3df937dbbc230f07127cee4fead311d1e3d946308365d666?s=96&d=mm&r=g","height":96,"width":96}},"publisher":{"@type":"Organization","name":"zeleneslevy.cz","logo":{"@type":"ImageObject","@id":"\/logo.png","url":"\/logo.png","width":600,"height":60}},"image":{"@type":"ImageObject","@id":"https:\/\/www.zeleneslevy.cz\/wp-content\/uploads\/img_a311248_w1720_t1522138144.jpg","url":"https:\/\/www.zeleneslevy.cz\/wp-content\/uploads\/img_a311248_w1720_t1522138144.jpg","height":0,"width":0},"wordCount":657,"keywords":null},{"@type":"Article","@id":"https:\/\/www.zeleneslevy.cz\/flandry-evropa-v-nejlepsi-forme\/","headline":"Flandry, Evropa v nejlep\u0161\u00ed form\u011b","url":"https:\/\/www.zeleneslevy.cz\/flandry-evropa-v-nejlepsi-forme\/","datePublished":"2025-02-25","dateModified":"2023-05-02","mainEntityOfPage":"https:\/\/www.zeleneslevy.cz\/flandry-evropa-v-nejlepsi-forme\/","author":{"@type":"Person","@id":"https:\/\/www.zeleneslevy.cz\/author\/devene\/#Person","name":"devene","url":"https:\/\/www.zeleneslevy.cz\/author\/devene\/","identifier":1,"image":{"@type":"ImageObject","@id":"https:\/\/secure.gravatar.com\/avatar\/212a6ea425a80cff3df937dbbc230f07127cee4fead311d1e3d946308365d666?s=96&d=mm&r=g","url":"https:\/\/secure.gravatar.com\/avatar\/212a6ea425a80cff3df937dbbc230f07127cee4fead311d1e3d946308365d666?s=96&d=mm&r=g","height":96,"width":96}},"publisher":{"@type":"Organization","name":"zeleneslevy.cz","logo":{"@type":"ImageObject","@id":"\/logo.png","url":"\/logo.png","width":600,"height":60}},"image":{"@type":"ImageObject","@id":"https:\/\/www.zeleneslevy.cz\/wp-content\/uploads\/img_a334693_w2277_t1548265979.jpg","url":"https:\/\/www.zeleneslevy.cz\/wp-content\/uploads\/img_a334693_w2277_t1548265979.jpg","height":0,"width":0},"wordCount":4499,"keywords":null},{"@type":"Article","@id":"https:\/\/www.zeleneslevy.cz\/filosofove-internetu-a-jejich-skryte-pravdy\/","headline":"Filosofov\u00e9 internetu a jejich skryt\u00e9 pravdy","url":"https:\/\/www.zeleneslevy.cz\/filosofove-internetu-a-jejich-skryte-pravdy\/","datePublished":"2025-02-25","dateModified":"2023-05-02","mainEntityOfPage":"https:\/\/www.zeleneslevy.cz\/filosofove-internetu-a-jejich-skryte-pravdy\/","author":{"@type":"Person","@id":"https:\/\/www.zeleneslevy.cz\/author\/devene\/#Person","name":"devene","url":"https:\/\/www.zeleneslevy.cz\/author\/devene\/","identifier":1,"image":{"@type":"ImageObject","@id":"https:\/\/secure.gravatar.com\/avatar\/212a6ea425a80cff3df937dbbc230f07127cee4fead311d1e3d946308365d666?s=96&d=mm&r=g","url":"https:\/\/secure.gravatar.com\/avatar\/212a6ea425a80cff3df937dbbc230f07127cee4fead311d1e3d946308365d666?s=96&d=mm&r=g","height":96,"width":96}},"publisher":{"@type":"Organization","name":"zeleneslevy.cz","logo":{"@type":"ImageObject","@id":"\/logo.png","url":"\/logo.png","width":600,"height":60}},"image":{"@type":"ImageObject","@id":"https:\/\/www.zeleneslevy.cz\/wp-content\/uploads\/img_a327226_w2235_t1539506374.jpg","url":"https:\/\/www.zeleneslevy.cz\/wp-content\/uploads\/img_a327226_w2235_t1539506374.jpg","height":0,"width":0},"wordCount":521,"keywords":null},{"@type":"Article","@id":"https:\/\/www.zeleneslevy.cz\/jak-zmenit-prioritu-pripojovani-k-wi-fi-sitim\/","headline":"Jak zm\u011bnit prioritu p\u0159ipojov\u00e1n\u00ed k Wi-Fi s\u00edt\u00edm","url":"https:\/\/www.zeleneslevy.cz\/jak-zmenit-prioritu-pripojovani-k-wi-fi-sitim\/","datePublished":"2025-02-25","dateModified":"2023-05-02","mainEntityOfPage":"https:\/\/www.zeleneslevy.cz\/jak-zmenit-prioritu-pripojovani-k-wi-fi-sitim\/","author":{"@type":"Person","@id":"https:\/\/www.zeleneslevy.cz\/author\/devene\/#Person","name":"devene","url":"https:\/\/www.zeleneslevy.cz\/author\/devene\/","identifier":1,"image":{"@type":"ImageObject","@id":"https:\/\/secure.gravatar.com\/avatar\/212a6ea425a80cff3df937dbbc230f07127cee4fead311d1e3d946308365d666?s=96&d=mm&r=g","url":"https:\/\/secure.gravatar.com\/avatar\/212a6ea425a80cff3df937dbbc230f07127cee4fead311d1e3d946308365d666?s=96&d=mm&r=g","height":96,"width":96}},"publisher":{"@type":"Organization","name":"zeleneslevy.cz","logo":{"@type":"ImageObject","@id":"\/logo.png","url":"\/logo.png","width":600,"height":60}},"image":{"@type":"ImageObject","@id":"https:\/\/www.zeleneslevy.cz\/wp-content\/uploads\/img_a311361_w2195_t1522185871.png","url":"https:\/\/www.zeleneslevy.cz\/wp-content\/uploads\/img_a311361_w2195_t1522185871.png","height":0,"width":0},"wordCount":510,"keywords":null},{"@type":"Article","@id":"https:\/\/www.zeleneslevy.cz\/krtiny-jako-jedna-z-nejkrasnejsich-oslav\/","headline":"K\u0159tiny jako jedna z nejkr\u00e1sn\u011bj\u0161\u00edch oslav","url":"https:\/\/www.zeleneslevy.cz\/krtiny-jako-jedna-z-nejkrasnejsich-oslav\/","datePublished":"2025-02-25","dateModified":"2025-02-25","mainEntityOfPage":"https:\/\/www.zeleneslevy.cz\/krtiny-jako-jedna-z-nejkrasnejsich-oslav\/","author":{"@type":"Person","@id":"https:\/\/www.zeleneslevy.cz\/author\/devene\/#Person","name":"devene","url":"https:\/\/www.zeleneslevy.cz\/author\/devene\/","identifier":1,"image":{"@type":"ImageObject","@id":"https:\/\/secure.gravatar.com\/avatar\/212a6ea425a80cff3df937dbbc230f07127cee4fead311d1e3d946308365d666?s=96&d=mm&r=g","url":"https:\/\/secure.gravatar.com\/avatar\/212a6ea425a80cff3df937dbbc230f07127cee4fead311d1e3d946308365d666?s=96&d=mm&r=g","height":96,"width":96}},"publisher":{"@type":"Organization","name":"zeleneslevy.cz","logo":{"@type":"ImageObject","@id":"\/logo.png","url":"\/logo.png","width":600,"height":60}},"image":null,"wordCount":213,"keywords":null},{"@type":"Article","@id":"https:\/\/www.zeleneslevy.cz\/kdyz-mistni-noviny-zaviraji-vladni-vydaje-se-zvysuji-zjistila-studie\/","headline":"Kdy\u017e m\u00edstn\u00ed noviny zav\u00edraj\u00ed, vl\u00e1dn\u00ed v\u00fddaje se zvy\u0161uj\u00ed, zjistila studie","url":"https:\/\/www.zeleneslevy.cz\/kdyz-mistni-noviny-zaviraji-vladni-vydaje-se-zvysuji-zjistila-studie\/","datePublished":"2025-02-24","dateModified":"2025-02-24","mainEntityOfPage":"https:\/\/www.zeleneslevy.cz\/kdyz-mistni-noviny-zaviraji-vladni-vydaje-se-zvysuji-zjistila-studie\/","author":{"@type":"Person","@id":"https:\/\/www.zeleneslevy.cz\/author\/devene\/#Person","name":"devene","url":"https:\/\/www.zeleneslevy.cz\/author\/devene\/","identifier":1,"image":{"@type":"ImageObject","@id":"https:\/\/secure.gravatar.com\/avatar\/212a6ea425a80cff3df937dbbc230f07127cee4fead311d1e3d946308365d666?s=96&d=mm&r=g","url":"https:\/\/secure.gravatar.com\/avatar\/212a6ea425a80cff3df937dbbc230f07127cee4fead311d1e3d946308365d666?s=96&d=mm&r=g","height":96,"width":96}},"publisher":{"@type":"Organization","name":"zeleneslevy.cz","logo":{"@type":"ImageObject","@id":"\/logo.png","url":"\/logo.png","width":600,"height":60}},"image":{"@type":"ImageObject","@id":"https:\/\/www.zeleneslevy.cz\/wp-content\/uploads\/img_a317863_w1718_t1528659268.jpg","url":"https:\/\/www.zeleneslevy.cz\/wp-content\/uploads\/img_a317863_w1718_t1528659268.jpg","height":0,"width":0},"wordCount":480,"keywords":null},{"@type":"Article","@id":"https:\/\/www.zeleneslevy.cz\/autorska-cteni\/","headline":"Autorsk\u00e1 \u010dten\u00ed","url":"https:\/\/www.zeleneslevy.cz\/autorska-cteni\/","datePublished":"2025-02-24","dateModified":"2023-05-02","mainEntityOfPage":"https:\/\/www.zeleneslevy.cz\/autorska-cteni\/","author":{"@type":"Person","@id":"https:\/\/www.zeleneslevy.cz\/author\/devene\/#Person","name":"devene","url":"https:\/\/www.zeleneslevy.cz\/author\/devene\/","identifier":1,"image":{"@type":"ImageObject","@id":"https:\/\/secure.gravatar.com\/avatar\/212a6ea425a80cff3df937dbbc230f07127cee4fead311d1e3d946308365d666?s=96&d=mm&r=g","url":"https:\/\/secure.gravatar.com\/avatar\/212a6ea425a80cff3df937dbbc230f07127cee4fead311d1e3d946308365d666?s=96&d=mm&r=g","height":96,"width":96}},"publisher":{"@type":"Organization","name":"zeleneslevy.cz","logo":{"@type":"ImageObject","@id":"\/logo.png","url":"\/logo.png","width":600,"height":60}},"image":{"@type":"ImageObject","@id":"https:\/\/www.zeleneslevy.cz\/wp-content\/uploads\/img_a291887_w2155_t1504188652.jpg","url":"https:\/\/www.zeleneslevy.cz\/wp-content\/uploads\/img_a291887_w2155_t1504188652.jpg","height":0,"width":0},"wordCount":496,"keywords":null},{"@type":"Article","@id":"https:\/\/www.zeleneslevy.cz\/pracovni-stul\/","headline":"Pracovn\u00ed st\u016fl","url":"https:\/\/www.zeleneslevy.cz\/pracovni-stul\/","datePublished":"2025-02-16","dateModified":"2025-02-16","mainEntityOfPage":"https:\/\/www.zeleneslevy.cz\/pracovni-stul\/","author":{"@type":"Person","@id":"https:\/\/www.zeleneslevy.cz\/author\/devene\/#Person","name":"devene","url":"https:\/\/www.zeleneslevy.cz\/author\/devene\/","identifier":1,"image":{"@type":"ImageObject","@id":"https:\/\/secure.gravatar.com\/avatar\/212a6ea425a80cff3df937dbbc230f07127cee4fead311d1e3d946308365d666?s=96&d=mm&r=g","url":"https:\/\/secure.gravatar.com\/avatar\/212a6ea425a80cff3df937dbbc230f07127cee4fead311d1e3d946308365d666?s=96&d=mm&r=g","height":96,"width":96}},"publisher":{"@type":"Organization","name":"zeleneslevy.cz","logo":{"@type":"ImageObject","@id":"\/logo.png","url":"\/logo.png","width":600,"height":60}},"image":null,"wordCount":254,"keywords":null},{"@type":"Article","@id":"https:\/\/www.zeleneslevy.cz\/dejte-na-zdravi-a-krasu-z-prirody\/","headline":"Dejte na zdrav\u00ed a kr\u00e1su z p\u0159\u00edrody","url":"https:\/\/www.zeleneslevy.cz\/dejte-na-zdravi-a-krasu-z-prirody\/","datePublished":"2025-02-12","dateModified":"2025-02-12","mainEntityOfPage":"https:\/\/www.zeleneslevy.cz\/dejte-na-zdravi-a-krasu-z-prirody\/","author":{"@type":"Person","@id":"https:\/\/www.zeleneslevy.cz\/author\/devene\/#Person","name":"devene","url":"https:\/\/www.zeleneslevy.cz\/author\/devene\/","identifier":1,"image":{"@type":"ImageObject","@id":"https:\/\/secure.gravatar.com\/avatar\/212a6ea425a80cff3df937dbbc230f07127cee4fead311d1e3d946308365d666?s=96&d=mm&r=g","url":"https:\/\/secure.gravatar.com\/avatar\/212a6ea425a80cff3df937dbbc230f07127cee4fead311d1e3d946308365d666?s=96&d=mm&r=g","height":96,"width":96}},"publisher":{"@type":"Organization","name":"zeleneslevy.cz","logo":{"@type":"ImageObject","@id":"\/logo.png","url":"\/logo.png","width":600,"height":60}},"image":null,"wordCount":217,"keywords":null},{"@type":"Article","@id":"https:\/\/www.zeleneslevy.cz\/dobre-ceny-pro-vas\/","headline":"Dobr\u00e9 ceny pro v\u00e1s","url":"https:\/\/www.zeleneslevy.cz\/dobre-ceny-pro-vas\/","datePublished":"2025-02-08","dateModified":"2025-02-08","mainEntityOfPage":"https:\/\/www.zeleneslevy.cz\/dobre-ceny-pro-vas\/","author":{"@type":"Person","@id":"https:\/\/www.zeleneslevy.cz\/author\/devene\/#Person","name":"devene","url":"https:\/\/www.zeleneslevy.cz\/author\/devene\/","identifier":1,"image":{"@type":"ImageObject","@id":"https:\/\/secure.gravatar.com\/avatar\/212a6ea425a80cff3df937dbbc230f07127cee4fead311d1e3d946308365d666?s=96&d=mm&r=g","url":"https:\/\/secure.gravatar.com\/avatar\/212a6ea425a80cff3df937dbbc230f07127cee4fead311d1e3d946308365d666?s=96&d=mm&r=g","height":96,"width":96}},"publisher":{"@type":"Organization","name":"zeleneslevy.cz","logo":{"@type":"ImageObject","@id":"\/logo.png","url":"\/logo.png","width":600,"height":60}},"image":null,"wordCount":243,"keywords":null}]},{"@context":"https:\/\/schema.org","@type":"WebSite","@id":"https:\/\/www.zeleneslevy.cz\/#website","name":"Zelen\u00e9 slevy","url":"https:\/\/www.zeleneslevy.cz","potentialAction":{"@type":"SearchAction","target":"https:\/\/www.zeleneslevy.cz\/?s={search_term_string}","query-input":"required name=search_term_string"}}]